{"id":293,"date":"2025-02-01T19:38:54","date_gmt":"2025-02-01T19:38:54","guid":{"rendered":"https:\/\/www.lahistoriaconmapas.com\/?p=293"},"modified":"2025-02-01T19:50:27","modified_gmt":"2025-02-01T19:50:27","slug":"palma-del-rio-cordoba-19-de-febrero-de-1936","status":"publish","type":"post","link":"https:\/\/www.lahistoriaconmapas.com\/index.php\/guerra-civil\/palma-del-rio-cordoba-19-de-febrero-de-1936\/","title":{"rendered":"Palma del R\u00edo (C\u00f3rdoba) 19 de Febrero de 1936"},"content":{"rendered":"\n<p class=\"has-medium-font-size\" style=\"border-style:none;border-width:0px;margin-top:var(--wp--preset--spacing--40);margin-right:0;margin-bottom:var(--wp--preset--spacing--40);margin-left:0\">Tras las elecciones generales del 16 de Febrero de 1936, se produjo en toda Espa\u00f1a una escalada de conflictos entre los partidarios de la izquierda, que buscaban impulsar cambios radicales, y los sectores conservadores o moderados, representados por la CEDA (Confederaci\u00f3n Espa\u00f1ola de Derechas Aut\u00f3nomas) y el Partido Republicano Radical de Alejandro Lerroux. La ocupaci\u00f3n del poder local, la agresi\u00f3n a miembros de la corporaci\u00f3n saliente y el incendio del archivo municipal son acciones que ilustran c\u00f3mo la lucha pol\u00edtica se traslad\u00f3 a las calles, con consecuencias violentas.<\/p>\n\n\n\n<p class=\"has-medium-font-size\" style=\"border-style:none;border-width:0px;margin-top:var(--wp--preset--spacing--40);margin-right:0;margin-bottom:var(--wp--preset--spacing--40);margin-left:0\">La siguiente noticia recoge los sucesos del d\u00eda 19 de Febrero de 1936 en la localidad de Palma del R\u00edo, C\u00f3rdoba.<\/p>\n\n\n\n<div class=\"wp-block-group is-layout-constrained wp-block-group-is-layout-constrained\"><\/div>\n\n\n\n<p>Transcripci\u00f3n:<\/p>\n\n\n\n<pre class=\"wp-block-verse\">El Gobernador civil don Manuel Cardero se ha ausentado de C\u00f3rdoba en el r\u00e1pido de M\u00e1drid. Lo despidieron cuatro personas que son de la colonia de su regi\u00f3n. Se encarg\u00f3 del mando el secretario don Eugenio Gal\u00e1n. Este recibi\u00f3 a los periodistas, dici\u00e9ndoles que anoche en Palma del R\u00edo grupos penetraron en el C\u00edrculo de A.P. incendiando varios muebles.<br><br>Se ten\u00edan noticias de que intentaban incendiar el Ayuntamiento y un convento y asaltar el cuartel de la Guardia civil. Para evitar esto se envi\u00f3 esta ma\u00f1ana un pelot\u00f3n de guardias de asalto al mando del teniente Sr. Villalonga. A mediod\u00eda se recibieron noticias de que los revoltosos hab\u00edan depuesto su actitud, limit\u00e1ndose a sacar las monjas y llevarlas a casas particulares. <br><br>En Montilla, Villa del R\u00edo y Pedro Abad se celebraron manifestaciones pac\u00edficamente. En el Gobierno se reunieron esta ma\u00f1ana las autoridades cambiando impresiones, por si fuese necesario de clarar el Estado de Guerra. Respecto a los ayuntamientos, se ha enviado un telegrama-circular ordenando se repusieran todos aquellos de elecci\u00f3n popular que lo solicitaren. <\/pre>\n\n\n\n<figure class=\"wp-block-image aligncenter size-full\"><img loading=\"lazy\" decoding=\"async\" width=\"275\" height=\"715\" src=\"https:\/\/www.lahistoriaconmapas.com\/wp-content\/uploads\/2025\/02\/El-Defensor-de-Cordoba-20-de-Febrero-de-1936.jpg\" alt=\"\" class=\"wp-image-295\" title=\"\" srcset=\"https:\/\/www.lahistoriaconmapas.com\/wp-content\/uploads\/2025\/02\/El-Defensor-de-Cordoba-20-de-Febrero-de-1936.jpg 275w, https:\/\/www.lahistoriaconmapas.com\/wp-content\/uploads\/2025\/02\/El-Defensor-de-Cordoba-20-de-Febrero-de-1936-115x300.jpg 115w\" sizes=\"auto, (max-width: 275px) 100vw, 275px\" \/><\/figure>\n\n\n\n<p>Fuente: <a href=\"https:\/\/prensahistorica.mcu.es\/es\/publicaciones\/numeros_por_mes.do?idPublicacion=7403&amp;anyo=1936\" target=\"_blank\" rel=\"noopener\">El Defensor de Cordoba 20 de Febrero de 1936<\/a><\/p>\n\n\n\n<p><\/p>\n","protected":false},"excerpt":{"rendered":"<p>Tras las elecciones generales del 16 de Febrero de 1936, se produjo en toda Espa\u00f1a una escalada de conflictos entre los partidarios de la izquierda, que buscaban impulsar cambios radicales, y los sectores conservadores o moderados, representados por la CEDA (Confederaci\u00f3n Espa\u00f1ola de Derechas Aut\u00f3nomas) y el Partido Republicano Radical de Alejandro Lerroux. La ocupaci\u00f3n &hellip;<\/p>\n<p class=\"read-more\"> <a class=\"\" href=\"https:\/\/www.lahistoriaconmapas.com\/index.php\/guerra-civil\/palma-del-rio-cordoba-19-de-febrero-de-1936\/\"> <span class=\"screen-reader-text\">Palma del R\u00edo (C\u00f3rdoba) 19 de Febrero de 1936<\/span> Leer m\u00e1s &raquo;<\/a><\/p>\n","protected":false},"author":1,"featured_media":0,"comment_status":"open","ping_status":"open","sticky":false,"template":"","format":"standard","meta":{"site-sidebar-layout":"default","site-content-layout":"default","ast-global-header-display":"","ast-main-header-display":"","ast-hfb-above-header-display":"","ast-hfb-below-header-display":"","ast-hfb-mobile-header-display":"","site-post-title":"","ast-breadcrumbs-content":"","ast-featured-img":"","footer-sml-layout":"","theme-transparent-header-meta":"","adv-header-id-meta":"","stick-header-meta":"","header-above-stick-meta":"","header-main-stick-meta":"","header-below-stick-meta":"","footnotes":""},"categories":[31],"tags":[],"class_list":["post-293","post","type-post","status-publish","format-standard","hentry","category-guerra-civil"],"_links":{"self":[{"href":"https:\/\/www.lahistoriaconmapas.com\/index.php\/wp-json\/wp\/v2\/posts\/293","targetHints":{"allow":["GET"]}}],"collection":[{"href":"https:\/\/www.lahistoriaconmapas.com\/index.php\/wp-json\/wp\/v2\/posts"}],"about":[{"href":"https:\/\/www.lahistoriaconmapas.com\/index.php\/wp-json\/wp\/v2\/types\/post"}],"author":[{"embeddable":true,"href":"https:\/\/www.lahistoriaconmapas.com\/index.php\/wp-json\/wp\/v2\/users\/1"}],"replies":[{"embeddable":true,"href":"https:\/\/www.lahistoriaconmapas.com\/index.php\/wp-json\/wp\/v2\/comments?post=293"}],"version-history":[{"count":4,"href":"https:\/\/www.lahistoriaconmapas.com\/index.php\/wp-json\/wp\/v2\/posts\/293\/revisions"}],"predecessor-version":[{"id":298,"href":"https:\/\/www.lahistoriaconmapas.com\/index.php\/wp-json\/wp\/v2\/posts\/293\/revisions\/298"}],"wp:attachment":[{"href":"https:\/\/www.lahistoriaconmapas.com\/index.php\/wp-json\/wp\/v2\/media?parent=293"}],"wp:term":[{"taxonomy":"category","embeddable":true,"href":"https:\/\/www.lahistoriaconmapas.com\/index.php\/wp-json\/wp\/v2\/categories?post=293"},{"taxonomy":"post_tag","embeddable":true,"href":"https:\/\/www.lahistoriaconmapas.com\/index.php\/wp-json\/wp\/v2\/tags?post=293"}],"curies":[{"name":"wp","href":"https:\/\/api.w.org\/{rel}","templated":true}]}}