{"id":338,"date":"2025-02-02T12:25:04","date_gmt":"2025-02-02T12:25:04","guid":{"rendered":"https:\/\/www.lahistoriaconmapas.com\/?p=338"},"modified":"2025-02-02T12:25:05","modified_gmt":"2025-02-02T12:25:05","slug":"las-elecciones-de-1936-polarizacion-incertidumbre-y-el-preludio-de-la-guerra-civil","status":"publish","type":"post","link":"https:\/\/www.lahistoriaconmapas.com\/index.php\/guerra-civil\/las-elecciones-de-1936-polarizacion-incertidumbre-y-el-preludio-de-la-guerra-civil\/","title":{"rendered":"Las Elecciones de 1936: Polarizaci\u00f3n, Incertidumbre y el Preludio de la Guerra Civil"},"content":{"rendered":"\n<p class=\"has-medium-font-size\"><strong>Contexto y Desarrollo de las Elecciones Generales de 1936<\/strong><\/p>\n\n\n\n<p class=\"has-medium-font-size\">El 16 de febrero de 1936 se celebraron en Espa\u00f1a las elecciones generales en un clima de gran polarizaci\u00f3n pol\u00edtica. Estas elecciones enfrentaban, principalmente, a dos grandes bloques: la coalici\u00f3n de izquierdas, reunida bajo la denominaci\u00f3n de Frente Popular, y las derechas, agrupadas en diferentes formaciones pol\u00edticas.<\/p>\n\n\n\n<p class=\"has-medium-font-size\">Tres d\u00edas despu\u00e9s del cierre de los colegios electorales, el recuento de votos estaba muy avanzado, aunque sin haber finalizado oficialmente. Las Juntas del Censo a\u00fan no se hab\u00edan reunido para proclamar los resultados definitivos, y en algunas provincias se registraban variaciones respecto a las estimaciones iniciales. La diferencia exacta en n\u00famero de esca\u00f1os entre los bloques no estaba clara, aunque el Frente Popular parec\u00eda haber obtenido una mayor\u00eda relativa. Sin embargo, a\u00fan quedaban incertidumbres, pues estaba prevista una segunda vuelta en cinco circunscripciones: \u00c1lava, Castell\u00f3n, Guip\u00fazcoa, Soria y Vizcaya provincia. Adem\u00e1s, en algunas secciones se repetir\u00edan las elecciones debido a irregularidades como la rotura de urnas u otras infracciones de la normativa electoral.<\/p>\n\n\n\n<center> <img decoding=\"async\" src=\"https:\/\/www.tercerainformacion.es\/wp-content\/uploads\/2022\/02\/14555618319436_827x0-1-950x0-c-default.png\" alt=\"\" title=\"\"> <\/center> \n\n\n\n<p class=\"has-medium-font-size\">Mientras tanto, en las 72 horas posteriores al cierre de las urnas, se produjo una intensa movilizaci\u00f3n de los simpatizantes y l\u00edderes locales del Frente Popular. La euforia por una victoria que no hab\u00eda sido anticipada en su magnitud llev\u00f3 a miles de votantes a salir a las calles en diversas ciudades y pueblos de Espa\u00f1a. La celebraci\u00f3n fue acompa\u00f1ada de demandas pol\u00edticas inmediatas, incluyendo la exigencia de una amnist\u00eda para los detenidos y procesados por su participaci\u00f3n en la huelga revolucionaria de octubre de 1934.<\/p>\n\n\n\n<p class=\"has-medium-font-size\">En algunas provincias, esta movilizaci\u00f3n deriv\u00f3 en situaciones de tensi\u00f3n que afectaron la seguridad jur\u00eddica y el desarrollo final del escrutinio. Se reportaron casos de presiones sobre funcionarios encargados del recuento, lo que gener\u00f3 preocupaci\u00f3n en sectores de la derecha, que tem\u00edan que los resultados fueran alterados. Ante este escenario, los l\u00edderes nacionales de las derechas, alarmados por la situaci\u00f3n, ejercieron presi\u00f3n sobre el Gobierno para que declarara el estado de guerra, argumentando que el orden p\u00fablico estaba en peligro.<\/p>\n\n\n\n<center> <img decoding=\"async\" src=\"https:\/\/www.historia.com\/magazine\/wp-content\/uploads\/sites\/2\/2022\/02\/1416px-2nd_Government_of_Manuel_Portela_Valladares.jpg\" alt=\"\" title=\"\"> <\/center> \n\n\n\n<p class=\"has-medium-font-size\">Simult\u00e1neamente, en Madrid comenzaron a circular rumores sobre una posible sublevaci\u00f3n militar, con versiones que aseguraban que algunas unidades del Ej\u00e9rcito estaban dispuestas a intervenir. Sin embargo, estos rumores fueron desmentidos posteriormente. No obstante, la incertidumbre pol\u00edtica y la tensi\u00f3n social evidenciaban la fragilidad del sistema democr\u00e1tico en un momento cr\u00edtico de la Segunda Rep\u00fablica Espa\u00f1ola.<\/p>\n\n\n\n<p class=\"has-medium-font-size\">Las elecciones de febrero de 1936 marcaron un punto de inflexi\u00f3n en la historia de Espa\u00f1a. El clima de enfrentamiento pol\u00edtico, las disputas en torno al proceso electoral y la creciente radicalizaci\u00f3n de los sectores pol\u00edticos fueron elementos clave que desembocar\u00edan, meses despu\u00e9s, en la Guerra Civil Espa\u00f1ola.erales de 1936<\/p>\n\n\n\n<h3 class=\"wp-block-heading has-medium-font-size\"><strong>Puntos clave de las elecciones generales de febrero de 1936<\/strong><\/h3>\n\n\n\n<center> <img decoding=\"async\" src=\"https:\/\/tse3.mm.bing.net\/th?id=OIP.FiOHHHuvYZIQdRtC_eLBUQHaFL&#038;w=331&#038;h=331&#038;c=7\" alt=\"\" title=\"\"> <\/center> \n\n\n\n<ol class=\"wp-block-list\">\n<li class=\"has-medium-font-size\"><strong>Fecha y contexto electoral<\/strong>: Se celebraron el 16 de febrero de 1936 en un ambiente de gran polarizaci\u00f3n pol\u00edtica.<\/li>\n\n\n\n<li class=\"has-medium-font-size\"><strong>Principales bloques pol\u00edticos<\/strong>:\n<ul class=\"wp-block-list\">\n<li><strong>Frente Popular<\/strong> (coalici\u00f3n de izquierdas).<\/li>\n\n\n\n<li><strong>Derechas<\/strong> (divididas en varias formaciones).<\/li>\n<\/ul>\n<\/li>\n\n\n\n<li class=\"has-medium-font-size\"><strong>Recuento de votos<\/strong>:\n<ul class=\"wp-block-list\">\n<li>Tres d\u00edas despu\u00e9s, a\u00fan no hab\u00eda resultados oficiales.<\/li>\n\n\n\n<li>Se registraron cambios en algunas provincias respecto a las estimaciones iniciales.<\/li>\n\n\n\n<li>La diferencia exacta de esca\u00f1os entre los bloques no estaba clara.<\/li>\n<\/ul>\n<\/li>\n\n\n\n<li class=\"has-medium-font-size\"><strong>Segunda vuelta y repetici\u00f3n de elecciones<\/strong>:\n<ul class=\"wp-block-list\">\n<li>Se anunci\u00f3 una segunda vuelta en cinco circunscripciones: \u00c1lava, Castell\u00f3n, Guip\u00fazcoa, Soria y Vizcaya provincia.<\/li>\n\n\n\n<li>En algunas secciones se repetir\u00edan elecciones por irregularidades (rotura de urnas, infracciones).<\/li>\n<\/ul>\n<\/li>\n\n\n\n<li class=\"has-medium-font-size\"><strong>Movilizaci\u00f3n del Frente Popular<\/strong>:\n<ul class=\"wp-block-list\">\n<li>Miles de simpatizantes salieron a las calles a celebrar.<\/li>\n\n\n\n<li>Exigieron cambios pol\u00edticos inmediatos y la amnist\u00eda para los detenidos por la huelga de octubre de 1934.<\/li>\n\n\n\n<li>En algunas provincias, la movilizaci\u00f3n deriv\u00f3 en coacciones y afect\u00f3 el recuento.<\/li>\n<\/ul>\n<\/li>\n\n\n\n<li class=\"has-medium-font-size\"><strong>Reacci\u00f3n de las derechas<\/strong>:\n<ul class=\"wp-block-list\">\n<li>Denunciaron que la seguridad jur\u00eddica estaba en riesgo.<\/li>\n\n\n\n<li>Presionaron al Gobierno para declarar el estado de guerra.<\/li>\n\n\n\n<li>Tem\u00edan que los resultados electorales fueran alterados.<\/li>\n<\/ul>\n<\/li>\n\n\n\n<li class=\"has-medium-font-size\"><strong>Rumores de sublevaci\u00f3n militar<\/strong>:\n<ul class=\"wp-block-list\">\n<li>Circularon versiones sobre unidades del Ej\u00e9rcito dispuestas a intervenir.<\/li>\n\n\n\n<li>Los rumores fueron desmentidos, pero reflejaban la tensi\u00f3n pol\u00edtica.<\/li>\n<\/ul>\n<\/li>\n\n\n\n<li class=\"has-medium-font-size\"><strong>Consecuencias<\/strong>:\n<ul class=\"wp-block-list\">\n<li>La incertidumbre electoral evidenci\u00f3 la fragilidad de la Segunda Rep\u00fablica.<\/li>\n\n\n\n<li>Las disputas pol\u00edticas y la radicalizaci\u00f3n de ambos bandos anticipaban un conflicto mayor.<\/li>\n\n\n\n<li>Estos acontecimientos fueron un preludio de la Guerra Civil Espa\u00f1ola, que estallar\u00eda meses despu\u00e9s.<\/li>\n<\/ul>\n<\/li>\n<\/ol>\n\n\n\n<center> <img decoding=\"async\" src=\"https:\/\/carmenpagan.com\/wp-content\/uploads\/2012\/07\/captura-de-pantalla-2012-07-15-a-las-10-45-06.png\" alt=\"\" title=\"\"> <\/center> \n\n\n\n<p><\/p>\n","protected":false},"excerpt":{"rendered":"<p>Contexto y Desarrollo de las Elecciones Generales de 1936 El 16 de febrero de 1936 se celebraron en Espa\u00f1a las elecciones generales en un clima de gran polarizaci\u00f3n pol\u00edtica. Estas elecciones enfrentaban, principalmente, a dos grandes bloques: la coalici\u00f3n de izquierdas, reunida bajo la denominaci\u00f3n de Frente Popular, y las derechas, agrupadas en diferentes formaciones &hellip;<\/p>\n<p class=\"read-more\"> <a class=\"\" href=\"https:\/\/www.lahistoriaconmapas.com\/index.php\/guerra-civil\/las-elecciones-de-1936-polarizacion-incertidumbre-y-el-preludio-de-la-guerra-civil\/\"> <span class=\"screen-reader-text\">Las Elecciones de 1936: Polarizaci\u00f3n, Incertidumbre y el Preludio de la Guerra Civil<\/span> Leer m\u00e1s &raquo;<\/a><\/p>\n","protected":false},"author":1,"featured_media":0,"comment_status":"open","ping_status":"open","sticky":false,"template":"","format":"standard","meta":{"site-sidebar-layout":"default","site-content-layout":"default","ast-global-header-display":"","ast-main-header-display":"","ast-hfb-above-header-display":"","ast-hfb-below-header-display":"","ast-hfb-mobile-header-display":"","site-post-title":"","ast-breadcrumbs-content":"","ast-featured-img":"","footer-sml-layout":"","theme-transparent-header-meta":"","adv-header-id-meta":"","stick-header-meta":"","header-above-stick-meta":"","header-main-stick-meta":"","header-below-stick-meta":"","footnotes":""},"categories":[31],"tags":[],"class_list":["post-338","post","type-post","status-publish","format-standard","hentry","category-guerra-civil"],"_links":{"self":[{"href":"https:\/\/www.lahistoriaconmapas.com\/index.php\/wp-json\/wp\/v2\/posts\/338","targetHints":{"allow":["GET"]}}],"collection":[{"href":"https:\/\/www.lahistoriaconmapas.com\/index.php\/wp-json\/wp\/v2\/posts"}],"about":[{"href":"https:\/\/www.lahistoriaconmapas.com\/index.php\/wp-json\/wp\/v2\/types\/post"}],"author":[{"embeddable":true,"href":"https:\/\/www.lahistoriaconmapas.com\/index.php\/wp-json\/wp\/v2\/users\/1"}],"replies":[{"embeddable":true,"href":"https:\/\/www.lahistoriaconmapas.com\/index.php\/wp-json\/wp\/v2\/comments?post=338"}],"version-history":[{"count":2,"href":"https:\/\/www.lahistoriaconmapas.com\/index.php\/wp-json\/wp\/v2\/posts\/338\/revisions"}],"predecessor-version":[{"id":340,"href":"https:\/\/www.lahistoriaconmapas.com\/index.php\/wp-json\/wp\/v2\/posts\/338\/revisions\/340"}],"wp:attachment":[{"href":"https:\/\/www.lahistoriaconmapas.com\/index.php\/wp-json\/wp\/v2\/media?parent=338"}],"wp:term":[{"taxonomy":"category","embeddable":true,"href":"https:\/\/www.lahistoriaconmapas.com\/index.php\/wp-json\/wp\/v2\/categories?post=338"},{"taxonomy":"post_tag","embeddable":true,"href":"https:\/\/www.lahistoriaconmapas.com\/index.php\/wp-json\/wp\/v2\/tags?post=338"}],"curies":[{"name":"wp","href":"https:\/\/api.w.org\/{rel}","templated":true}]}}