{"id":341,"date":"2025-02-04T17:08:13","date_gmt":"2025-02-04T17:08:13","guid":{"rendered":"https:\/\/www.lahistoriaconmapas.com\/?p=341"},"modified":"2025-02-04T17:08:14","modified_gmt":"2025-02-04T17:08:14","slug":"que-estudios-tenia-zapatero","status":"publish","type":"post","link":"https:\/\/www.lahistoriaconmapas.com\/index.php\/politica\/que-estudios-tenia-zapatero\/","title":{"rendered":"\u00bfQu\u00e9 estudios ten\u00eda Zapatero?"},"content":{"rendered":"\n<p class=\"has-medium-font-size\">Jos\u00e9 Luis Rodr\u00edguez Zapatero, expresidente del Gobierno de Espa\u00f1a (2004-2011), estudi\u00f3 <strong>Derecho<\/strong> en la <strong>Universidad de Le\u00f3n<\/strong>, donde se licenci\u00f3 en <strong>1982<\/strong>. Durante su etapa universitaria, mostr\u00f3 un gran inter\u00e9s por el <strong>derecho constitucional<\/strong> y el <strong>derecho laboral<\/strong>, \u00e1reas que marcaron su pensamiento pol\u00edtico.<\/p>\n\n\n\n<p class=\"has-medium-font-size\">Su carrera acad\u00e9mica no continu\u00f3 m\u00e1s all\u00e1 de la licenciatura, ya que su vocaci\u00f3n pol\u00edtica se impuso desde muy joven. A los <strong>26 a\u00f1os<\/strong> se convirti\u00f3 en el diputado m\u00e1s joven del Congreso en la legislatura de 1986. Nunca ejerci\u00f3 como abogado ni realiz\u00f3 estudios de posgrado, dedic\u00e1ndose por completo a su carrera en el Partido Socialista Obrero Espa\u00f1ol (PSOE).<\/p>\n\n\n\n<figure class=\"wp-block-embed is-type-video is-provider-youtube wp-block-embed-youtube wp-embed-aspect-4-3 wp-has-aspect-ratio\"><div class=\"wp-block-embed__wrapper\">\n<div class=\"ast-oembed-container\" style=\"height: 100%;\"><iframe loading=\"lazy\" title=\"biografia jose luis rodriguez zapatero\" width=\"500\" height=\"375\" src=\"https:\/\/www.youtube.com\/embed\/2JCmp4IJ4wo?start=37&#038;feature=oembed\" frameborder=\"0\" allow=\"accelerometer; autoplay; clipboard-write; encrypted-media; gyroscope; picture-in-picture; web-share\" referrerpolicy=\"strict-origin-when-cross-origin\" allowfullscreen><\/iframe><\/div>\n<\/div><\/figure>\n\n\n\n<p class=\"has-medium-font-size\"><strong>Los 10 puntos clave en su biograf\u00eda<\/strong><\/p>\n\n\n\n<blockquote class=\"wp-block-quote is-layout-flow wp-block-quote-is-layout-flow\">\n<ol class=\"wp-block-list\">\n<li class=\"has-medium-font-size\"><strong>Nacimiento y familia<\/strong> (1960) \u2013 Naci\u00f3 en Valladolid, pero creci\u00f3 en Le\u00f3n en una familia de juristas. Su padre fue abogado y su abuelo materno, pediatra.<\/li>\n\n\n\n<li class=\"has-medium-font-size\"><strong>Formaci\u00f3n acad\u00e9mica<\/strong> \u2013 Estudi\u00f3 en el Colegio Leon\u00e9s y se licenci\u00f3 en <strong>Derecho por la Universidad de Le\u00f3n en 1982<\/strong>, con una tesina sobre el Estatuto de Autonom\u00eda de Castilla y Le\u00f3n.<\/li>\n\n\n\n<li class=\"has-medium-font-size\"><strong>Primeros pasos en pol\u00edtica<\/strong> \u2013 Se afili\u00f3 a las <strong>Juventudes Socialistas en 1979<\/strong> y, tras asistir a un mitin de Felipe Gonz\u00e1lez en 1976, se inclin\u00f3 definitivamente por la pol\u00edtica.<\/li>\n\n\n\n<li class=\"has-medium-font-size\"><strong>Carrera pol\u00edtica inicial<\/strong> \u2013 En <strong>1986, con 26 a\u00f1os, fue el diputado m\u00e1s joven<\/strong> del Congreso, representando al PSOE por Le\u00f3n.<\/li>\n\n\n\n<li class=\"has-medium-font-size\"><strong>Ascenso en el PSOE<\/strong> \u2013 En 1989, con 29 a\u00f1os, fue elegido <strong>secretario provincial del PSOE en Le\u00f3n<\/strong>, y en 2000 gan\u00f3 la secretar\u00eda general del partido a Jos\u00e9 Bono.<\/li>\n\n\n\n<li class=\"has-medium-font-size\"><strong>Presidente del Gobierno (2004-2011)<\/strong> \u2013 Gan\u00f3 las elecciones tras los atentados del <strong>11 de marzo de 2004<\/strong>, apostando por la retirada de tropas de Irak y pol\u00edticas progresistas.<\/li>\n\n\n\n<li class=\"has-medium-font-size\"><strong>Reformas sociales<\/strong> \u2013 Su gobierno impuls\u00f3 <strong>el matrimonio igualitario, la Ley de Memoria Hist\u00f3rica, la Ley contra la Violencia de G\u00e9nero y reformas auton\u00f3micas<\/strong>.<\/li>\n\n\n\n<li class=\"has-medium-font-size\"><strong>Proceso de paz con ETA<\/strong> \u2013 En 2006, ETA declar\u00f3 un <strong>alto el fuego<\/strong>, pero lo rompi\u00f3 con el atentado en el aeropuerto de Barajas a finales de ese a\u00f1o.<\/li>\n\n\n\n<li class=\"has-medium-font-size\"><strong>Crisis econ\u00f3mica (2008-2011)<\/strong> \u2013 Su segundo mandato estuvo marcado por la crisis financiera global, con medidas impopulares como recortes y reformas econ\u00f3micas.<\/li>\n\n\n\n<li class=\"has-medium-font-size\"><strong>Retirada de la pol\u00edtica<\/strong> \u2013 En 2011, anunci\u00f3 que no se presentar\u00eda a las elecciones de 2012. El PSOE sufri\u00f3 una gran derrota y <strong>Mariano Rajoy (PP) asumi\u00f3 la presidencia<\/strong>.<\/li>\n<\/ol>\n<\/blockquote>\n\n\n\n<p class=\"has-medium-font-size\"><strong>Salida del Gobierno en 2011<\/strong><\/p>\n\n\n\n<p class=\"has-medium-font-size\">Desde su salida del Gobierno en 2011, Jos\u00e9 Luis Rodr\u00edguez Zapatero ha mantenido una <strong>actividad p\u00fablica discreta<\/strong> pero con intervenciones relevantes en varios \u00e1mbitos:<\/p>\n\n\n\n<div class=\"wp-block-group is-layout-constrained wp-block-group-is-layout-constrained\">\n<blockquote class=\"wp-block-quote is-layout-flow wp-block-quote-is-layout-flow\">\n<h3 class=\"wp-block-heading has-medium-font-size\">1. <strong>Retiro de la pol\u00edtica activa<\/strong> (2012): Tras la derrota del PSOE en las elecciones de 2011, dej\u00f3 la Secretar\u00eda General del partido y se apart\u00f3 de la primera l\u00ednea pol\u00edtica.<\/h3>\n\n\n\n<h3 class=\"wp-block-heading has-medium-font-size\">2. <strong>Colaboraciones con el PSOE<\/strong>: Aunque sin un cargo oficial, ha participado en algunos actos del partido, respaldando a l\u00edderes como <strong>Pedro S\u00e1nchez<\/strong> y defendiendo pol\u00edticas progresistas.<\/h3>\n\n\n\n<h3 class=\"wp-block-heading has-medium-font-size\">3. <strong>Mediaci\u00f3n en Venezuela<\/strong> (desde 2015): Ha jugado un papel destacado como <strong>mediador entre el Gobierno de Nicol\u00e1s Maduro y la oposici\u00f3n<\/strong>, facilitando di\u00e1logos y negociaciones. Su posici\u00f3n ha sido <strong>controvertida<\/strong>, ya que algunos sectores le acusan de ser favorable al chavismo.<\/h3>\n\n\n\n<h3 class=\"wp-block-heading has-medium-font-size\">4. <strong>Relaci\u00f3n con Cuba<\/strong>: Ha visitado varias veces Cuba y ha abogado por el <strong>di\u00e1logo con el r\u00e9gimen cubano<\/strong>, defendiendo el fin del embargo y acercamientos diplom\u00e1ticos.<\/h3>\n\n\n\n<h3 class=\"wp-block-heading has-medium-font-size\">5. <strong>Publicaciones y conferencias<\/strong>: Ha escrito libros sobre su gesti\u00f3n y la pol\u00edtica internacional, como <em>\u00abEl dilema: 600 d\u00edas de v\u00e9rtigo\u00bb<\/em>, donde narra la crisis econ\u00f3mica que marc\u00f3 su segundo mandato. Participa en conferencias sobre <strong>democracia, derechos humanos y pol\u00edtica internacional<\/strong>.<\/h3>\n\n\n\n<h3 class=\"wp-block-heading has-medium-font-size\">6. <strong>Defensa de la igualdad y derechos sociales<\/strong>: Sigue siendo un <strong>referente en la lucha feminista y en defensa de los derechos LGTBI<\/strong>, temas en los que su gobierno dej\u00f3 un gran legado.<\/h3>\n\n\n\n<h3 class=\"wp-block-heading has-medium-font-size\">7. <strong>Relaci\u00f3n con Pedro S\u00e1nchez y el PSOE actual<\/strong>: Ha respaldado a Pedro S\u00e1nchez en momentos clave, como en su enfrentamiento con Susana D\u00edaz en 2017 y en sus gobiernos posteriores.<\/h3>\n\n\n\n<h3 class=\"wp-block-heading has-medium-font-size\">8. <strong>Fundaciones y asesoramiento<\/strong>: Colabora con diversas <strong>fundaciones y organismos internacionales<\/strong> en temas de democracia y cooperaci\u00f3n. Ha asesorado a gobiernos y empresas en temas de pol\u00edtica y econom\u00eda.<\/h3>\n<\/blockquote>\n\n\n\n<p class=\"has-medium-font-size\">En general, Zapatero ha mantenido una <strong>influencia indirecta en la pol\u00edtica<\/strong>, enfoc\u00e1ndose en la mediaci\u00f3n internacional y la defensa de los derechos sociales.<\/p>\n<\/div>\n","protected":false},"excerpt":{"rendered":"<p>Jos\u00e9 Luis Rodr\u00edguez Zapatero, expresidente del Gobierno de Espa\u00f1a (2004-2011), estudi\u00f3 Derecho en la Universidad de Le\u00f3n, donde se licenci\u00f3 en 1982. Durante su etapa universitaria, mostr\u00f3 un gran inter\u00e9s por el derecho constitucional y el derecho laboral, \u00e1reas que marcaron su pensamiento pol\u00edtico. Su carrera acad\u00e9mica no continu\u00f3 m\u00e1s all\u00e1 de la licenciatura, ya &hellip;<\/p>\n<p class=\"read-more\"> <a class=\"\" href=\"https:\/\/www.lahistoriaconmapas.com\/index.php\/politica\/que-estudios-tenia-zapatero\/\"> <span class=\"screen-reader-text\">\u00bfQu\u00e9 estudios ten\u00eda Zapatero?<\/span> Leer m\u00e1s &raquo;<\/a><\/p>\n","protected":false},"author":1,"featured_media":0,"comment_status":"open","ping_status":"open","sticky":false,"template":"","format":"standard","meta":{"site-sidebar-layout":"default","site-content-layout":"default","ast-global-header-display":"","ast-main-header-display":"","ast-hfb-above-header-display":"","ast-hfb-below-header-display":"","ast-hfb-mobile-header-display":"","site-post-title":"","ast-breadcrumbs-content":"","ast-featured-img":"","footer-sml-layout":"","theme-transparent-header-meta":"","adv-header-id-meta":"","stick-header-meta":"","header-above-stick-meta":"","header-main-stick-meta":"","header-below-stick-meta":"","footnotes":""},"categories":[32],"tags":[],"class_list":["post-341","post","type-post","status-publish","format-standard","hentry","category-politica"],"_links":{"self":[{"href":"https:\/\/www.lahistoriaconmapas.com\/index.php\/wp-json\/wp\/v2\/posts\/341","targetHints":{"allow":["GET"]}}],"collection":[{"href":"https:\/\/www.lahistoriaconmapas.com\/index.php\/wp-json\/wp\/v2\/posts"}],"about":[{"href":"https:\/\/www.lahistoriaconmapas.com\/index.php\/wp-json\/wp\/v2\/types\/post"}],"author":[{"embeddable":true,"href":"https:\/\/www.lahistoriaconmapas.com\/index.php\/wp-json\/wp\/v2\/users\/1"}],"replies":[{"embeddable":true,"href":"https:\/\/www.lahistoriaconmapas.com\/index.php\/wp-json\/wp\/v2\/comments?post=341"}],"version-history":[{"count":2,"href":"https:\/\/www.lahistoriaconmapas.com\/index.php\/wp-json\/wp\/v2\/posts\/341\/revisions"}],"predecessor-version":[{"id":344,"href":"https:\/\/www.lahistoriaconmapas.com\/index.php\/wp-json\/wp\/v2\/posts\/341\/revisions\/344"}],"wp:attachment":[{"href":"https:\/\/www.lahistoriaconmapas.com\/index.php\/wp-json\/wp\/v2\/media?parent=341"}],"wp:term":[{"taxonomy":"category","embeddable":true,"href":"https:\/\/www.lahistoriaconmapas.com\/index.php\/wp-json\/wp\/v2\/categories?post=341"},{"taxonomy":"post_tag","embeddable":true,"href":"https:\/\/www.lahistoriaconmapas.com\/index.php\/wp-json\/wp\/v2\/tags?post=341"}],"curies":[{"name":"wp","href":"https:\/\/api.w.org\/{rel}","templated":true}]}}