{"id":354,"date":"2025-05-25T12:20:59","date_gmt":"2025-05-25T12:20:59","guid":{"rendered":"https:\/\/www.lahistoriaconmapas.com\/?p=354"},"modified":"2025-05-25T18:15:33","modified_gmt":"2025-05-25T18:15:33","slug":"2-de-mayo-de-1931-violento-choque-en-barcelona-tiroteo-entre-manifestantes-y-fuerzas-publicas-deja-un-guardia-muerto-en-la-plaza-de-la-republica","status":"publish","type":"post","link":"https:\/\/www.lahistoriaconmapas.com\/index.php\/segunda-republica\/2-de-mayo-de-1931-violento-choque-en-barcelona-tiroteo-entre-manifestantes-y-fuerzas-publicas-deja-un-guardia-muerto-en-la-plaza-de-la-republica\/","title":{"rendered":"2 de mayo de 1931 &#8211; \u00a1Violento choque en Barcelona! Tiroteo entre manifestantes y fuerzas p\u00fablicas deja un guardia muerto en la Plaza de la Rep\u00fablica"},"content":{"rendered":"\n<p>La noticia, publicada el 2 de mayo de 1931 en el peri\u00f3dico <em>Ahora<\/em>, se sit\u00faa en un momento clave de la historia de Espa\u00f1a: los primeros d\u00edas de la Segunda Rep\u00fablica Espa\u00f1ola, proclamada el 14 de abril de 1931. Este per\u00edodo estuvo marcado por tensiones sociales, pol\u00edticas y econ\u00f3micas, especialmente en regiones como Catalu\u00f1a, donde las demandas de autonom\u00eda y los conflictos laborales eran prominentes. Barcelona, como centro industrial y pol\u00edtico, fue escenario de frecuentes enfrentamientos entre trabajadores, fuerzas del orden y autoridades.<\/p>\n\n\n\n<p>El incidente descrito en la noticia ocurri\u00f3 en el contexto de una visita de una \u00abComisi\u00f3n Obrera\u00bb al Palacio de la Generalidad, sede del gobierno catal\u00e1n. Este evento refleja las tensiones entre los movimientos obreros (ligados a sindicatos como la CNT o la UGT) y las autoridades republicanas, que intentaban mantener el orden en un clima de agitaci\u00f3n social.<\/p>\n\n\n\n<h4 class=\"wp-block-heading\">Resumen de la noticia<\/h4>\n\n\n\n<ul class=\"wp-block-list\">\n<li><strong>Evento principal<\/strong>: Un incidente en la entrada de la Comisi\u00f3n Obrera al Palacio de la Generalidad en Barcelona desencaden\u00f3 un enfrentamiento en la Plaza de la Rep\u00fablica y calles cercanas.<\/li>\n\n\n\n<li><strong>Desarrollo<\/strong>: El choque escal\u00f3 a un tiroteo entre manifestantes y la fuerza p\u00fablica, que se prolong\u00f3 hasta la intervenci\u00f3n de tropas enviadas por el Capit\u00e1n General.<\/li>\n\n\n\n<li><strong>Consecuencias<\/strong>: El saldo fue un guardia muerto y varios guardias y manifestantes heridos.<\/li>\n\n\n\n<li><strong>Lugar y fecha<\/strong>: Barcelona, 2 de mayo de 1931, a las 1:30 de la madrugada.<\/li>\n<\/ul>\n\n\n\n<p><\/p>\n\n\n\n<h4 class=\"wp-block-heading\">An\u00e1lisis de los elementos clave<\/h4>\n\n\n\n<ol class=\"wp-block-list\">\n<li><strong>Incidente inicial<\/strong>: Un grupo de trabajadores o representantes sindicales intentaba reunirse con las autoridades en el Palacio de la Generalidad. La entrada al edificio gener\u00f3 una reacci\u00f3n que deriv\u00f3 en violencia.<\/li>\n\n\n\n<li><strong>Tiroteo y escalada<\/strong>: El enfrentamiento armado entre manifestantes y la fuerza p\u00fablica (probablemente la Guardia Civil o la Guardia de Asalto, creada por la Rep\u00fablica) indica un alto grado de tensi\u00f3n. La prolongaci\u00f3n del tiroteo hasta la llegada de tropas militares refuerza la gravedad del conflicto, es un indicativo de que las fuerzas locales no pudieron controlarlo.<\/li>\n\n\n\n<li><strong>Intervenci\u00f3n militar<\/strong>: La intervenci\u00f3n de tropas bajo el mando del Capit\u00e1n General (m\u00e1xima autoridad militar en la regi\u00f3n) se\u00f1ala la incapacidad de las fuerzas de seguridad para manejar la situaci\u00f3n, lo que refleja la fragilidad del orden p\u00fablico en los primeros d\u00edas de la Rep\u00fablica.<\/li>\n\n\n\n<li><strong>Consecuencias humanas<\/strong>: La muerte de un guardia y las heridas de varios guardias y manifestantes muestran la intensidad del enfrentamiento.<\/li>\n\n\n\n<li><strong>Lugar simb\u00f3lico<\/strong>: La Plaza de la Rep\u00fablica (actual Plaza de Sant Jaume, donde se encuentra el Palacio de la Generalidad) era un espacio emblem\u00e1tico para manifestaciones pol\u00edticas y sociales en Barcelona. <\/li>\n<\/ol>\n\n\n\n<p><\/p>\n\n\n\n<h4 class=\"wp-block-heading\">Implicaciones<\/h4>\n\n\n\n<ul class=\"wp-block-list\">\n<li><strong>Tensi\u00f3n obrera<\/strong>: El incidente refleja las profundas divisiones entre los movimientos obreros y las nuevas autoridades republicanas. Aunque la Segunda Rep\u00fablica promet\u00eda reformas sociales, los trabajadores exig\u00edan cambios inmediatos, lo que generaba fricciones con un gobierno a\u00fan en consolidaci\u00f3n.<\/li>\n\n\n\n<li><strong>Control del orden p\u00fablico<\/strong>: La necesidad de recurrir a tropas militares para sofocar el conflicto sugiere que el gobierno republicano enfrentaba dificultades para mantener la estabilidad, especialmente en Catalu\u00f1a, donde las demandas auton\u00f3micas se entrelazaban con las luchas obreras.<\/li>\n\n\n\n<li><strong>Impacto en la opini\u00f3n p\u00fablica<\/strong>: La muerte de un guardia y las heridas de civiles y fuerzas del orden probablemente polarizaron a\u00fan m\u00e1s a la sociedad, alimentando tanto el descontento obrero como las cr\u00edticas hacia la gesti\u00f3n del gobierno.<\/li>\n\n\n\n<li><\/li>\n<\/ul>\n\n\n\n<h4 class=\"wp-block-heading\"><\/h4>\n\n\n\n<p><\/p>\n\n\n\n<h4 class=\"wp-block-heading\">Conclusi\u00f3n<\/h4>\n\n\n\n<p>La noticia describe un episodio de violencia en Barcelona durante los primeros d\u00edas de la Segunda Rep\u00fablica, ilustrando las tensiones entre los movimientos obreros y las autoridades en un contexto de cambio pol\u00edtico. El enfrentamiento, que dej\u00f3 un guardia muerto y varios heridos, pone de manifiesto los desaf\u00edos del nuevo gobierno republicano para equilibrar las demandas sociales con el mantenimiento del orden p\u00fablico. Este tipo de incidentes fue com\u00fan en 1931, marcando el tono de un per\u00edodo turbulento en la historia de Espa\u00f1a.<\/p>\n\n\n\n<blockquote class=\"wp-block-quote is-layout-flow wp-block-quote-is-layout-flow\">\n<p class=\"has-text-align-center has-medium-font-size\"><strong>UN INCIDENTE A LA ENTRADA DE LA COMISI\u00d3N OBRERA EN EL PALACIO DE LA GENERALIDAD <br>PROVOCA UN CHOQUE EN LA PLAZA DE LA REP\u00daBLICA Y CALLES ADYACENTES<\/strong><br><br>EL TIROTEO SE PROLONG\u00d3 VIVAMENTE ENTRE LOS MANIFESTANTES Y LA FUERZA P\u00daBLICA <br>HASTA LA LLEGADA DE LAS TROPAS ENVIADAS POR EL CAPIT\u00c1N GENERAL<br><br>RESULT\u00d3 UN GUARDIA MUERTO Y VARIOS GUARDIAS Y MANIFESTANTES HERIDOS<\/p>\n<\/blockquote>\n\n\n\n<figure class=\"wp-block-image alignfull size-full\"><img loading=\"lazy\" decoding=\"async\" width=\"731\" height=\"1011\" src=\"https:\/\/www.lahistoriaconmapas.com\/wp-content\/uploads\/2025\/05\/Ahora-Madrid-2-5-1931.jpg\" alt=\"\" class=\"wp-image-355\" title=\"\" srcset=\"https:\/\/www.lahistoriaconmapas.com\/wp-content\/uploads\/2025\/05\/Ahora-Madrid-2-5-1931.jpg 731w, https:\/\/www.lahistoriaconmapas.com\/wp-content\/uploads\/2025\/05\/Ahora-Madrid-2-5-1931-217x300.jpg 217w\" sizes=\"auto, (max-width: 731px) 100vw, 731px\" \/><\/figure>\n","protected":false},"excerpt":{"rendered":"<p>La noticia, publicada el 2 de mayo de 1931 en el peri\u00f3dico Ahora, se sit\u00faa en un momento clave de la historia de Espa\u00f1a: los primeros d\u00edas de la Segunda Rep\u00fablica Espa\u00f1ola, proclamada el 14 de abril de 1931. Este per\u00edodo estuvo marcado por tensiones sociales, pol\u00edticas y econ\u00f3micas, especialmente en regiones como Catalu\u00f1a, donde &hellip;<\/p>\n<p class=\"read-more\"> <a class=\"\" href=\"https:\/\/www.lahistoriaconmapas.com\/index.php\/segunda-republica\/2-de-mayo-de-1931-violento-choque-en-barcelona-tiroteo-entre-manifestantes-y-fuerzas-publicas-deja-un-guardia-muerto-en-la-plaza-de-la-republica\/\"> <span class=\"screen-reader-text\">2 de mayo de 1931 &#8211; \u00a1Violento choque en Barcelona! Tiroteo entre manifestantes y fuerzas p\u00fablicas deja un guardia muerto en la Plaza de la Rep\u00fablica<\/span> Leer m\u00e1s &raquo;<\/a><\/p>\n","protected":false},"author":1,"featured_media":0,"comment_status":"open","ping_status":"open","sticky":false,"template":"","format":"standard","meta":{"site-sidebar-layout":"default","site-content-layout":"default","ast-global-header-display":"","ast-main-header-display":"","ast-hfb-above-header-display":"","ast-hfb-below-header-display":"","ast-hfb-mobile-header-display":"","site-post-title":"","ast-breadcrumbs-content":"","ast-featured-img":"","footer-sml-layout":"","theme-transparent-header-meta":"","adv-header-id-meta":"","stick-header-meta":"","header-above-stick-meta":"","header-main-stick-meta":"","header-below-stick-meta":"","footnotes":""},"categories":[39],"tags":[],"class_list":["post-354","post","type-post","status-publish","format-standard","hentry","category-segunda-republica"],"_links":{"self":[{"href":"https:\/\/www.lahistoriaconmapas.com\/index.php\/wp-json\/wp\/v2\/posts\/354","targetHints":{"allow":["GET"]}}],"collection":[{"href":"https:\/\/www.lahistoriaconmapas.com\/index.php\/wp-json\/wp\/v2\/posts"}],"about":[{"href":"https:\/\/www.lahistoriaconmapas.com\/index.php\/wp-json\/wp\/v2\/types\/post"}],"author":[{"embeddable":true,"href":"https:\/\/www.lahistoriaconmapas.com\/index.php\/wp-json\/wp\/v2\/users\/1"}],"replies":[{"embeddable":true,"href":"https:\/\/www.lahistoriaconmapas.com\/index.php\/wp-json\/wp\/v2\/comments?post=354"}],"version-history":[{"count":3,"href":"https:\/\/www.lahistoriaconmapas.com\/index.php\/wp-json\/wp\/v2\/posts\/354\/revisions"}],"predecessor-version":[{"id":361,"href":"https:\/\/www.lahistoriaconmapas.com\/index.php\/wp-json\/wp\/v2\/posts\/354\/revisions\/361"}],"wp:attachment":[{"href":"https:\/\/www.lahistoriaconmapas.com\/index.php\/wp-json\/wp\/v2\/media?parent=354"}],"wp:term":[{"taxonomy":"category","embeddable":true,"href":"https:\/\/www.lahistoriaconmapas.com\/index.php\/wp-json\/wp\/v2\/categories?post=354"},{"taxonomy":"post_tag","embeddable":true,"href":"https:\/\/www.lahistoriaconmapas.com\/index.php\/wp-json\/wp\/v2\/tags?post=354"}],"curies":[{"name":"wp","href":"https:\/\/api.w.org\/{rel}","templated":true}]}}