{"id":362,"date":"2025-05-25T18:15:05","date_gmt":"2025-05-25T18:15:05","guid":{"rendered":"https:\/\/www.lahistoriaconmapas.com\/?p=362"},"modified":"2025-05-25T18:15:06","modified_gmt":"2025-05-25T18:15:06","slug":"caos-en-barcelona-revolucionarios-asaltan-la-generalitat-y-la-boqueria-en-el-1-de-mayo-de-1931-dejando-un-guardia-muerto-y-15-heridos","status":"publish","type":"post","link":"https:\/\/www.lahistoriaconmapas.com\/index.php\/segunda-republica\/caos-en-barcelona-revolucionarios-asaltan-la-generalitat-y-la-boqueria-en-el-1-de-mayo-de-1931-dejando-un-guardia-muerto-y-15-heridos\/","title":{"rendered":"Caos en Barcelona: Revolucionarios asaltan la Generalitat y la Boquer\u00eda en el 1 de mayo de 1931, dejando un guardia muerto y 15 heridos"},"content":{"rendered":"\n<h4 class=\"wp-block-heading\">Contexto hist\u00f3rico<\/h4>\n\n\n\n<p>El 1 de mayo de 1931, apenas dos semanas despu\u00e9s de la proclamaci\u00f3n de la Segunda Rep\u00fablica Espa\u00f1ola (14 de abril de 1931), Espa\u00f1a viv\u00eda un momento de efervescencia pol\u00edtica y social. En Barcelona, un importante centro industrial y basti\u00f3n de movimientos obreros como la CNT (Confederaci\u00f3n Nacional del Trabajo) y la FAI (Federaci\u00f3n Anarquista Ib\u00e9rica), las tensiones entre los revolucionarios, los trabajadores y las autoridades eran frecuentes. El D\u00eda Internacional de los Trabajadores, celebrado el 1 de mayo, era una fecha simb\u00f3lica para los movimientos obreros, que aprovechaban para manifestar sus demandas, a menudo de manera radical. En Catalu\u00f1a, las aspiraciones autonomistas se mezclaban con las luchas de clase, creando un ambiente vol\u00e1til.<\/p>\n\n\n\n<hr class=\"wp-block-separator has-alpha-channel-opacity\"\/>\n\n\n\n<h4 class=\"wp-block-heading\">Resumen de los eventos<\/h4>\n\n\n\n<ul class=\"wp-block-list\">\n<li><strong>Fecha y lugar<\/strong>: 1 de mayo de 1931, Barcelona, Catalu\u00f1a.<\/li>\n\n\n\n<li><strong>Evento principal<\/strong>: Un grupo de revolucionarios intent\u00f3 entrar en el Palacio de la Generalitat para colocar banderas rojas, s\u00edmbolo asociado a los movimientos socialistas, comunistas y anarquistas. Esto desencaden\u00f3 un enfrentamiento con las fuerzas de seguridad.<\/li>\n\n\n\n<li><strong>Desarrollo del conflicto<\/strong>:\n<ul class=\"wp-block-list\">\n<li>El enfrentamiento ocurri\u00f3 en las inmediaciones de la Generalitat, probablemente en la Plaza de la Rep\u00fablica (actual Plaza de Sant Jaume), como se mencion\u00f3 en la noticia de <em>Ahora<\/em>.<\/li>\n\n\n\n<li>Un guardia fue herido durante el choque y, seg\u00fan la nueva informaci\u00f3n, fue rematado a golpes, lo que indica un nivel extremo de violencia por parte de los manifestantes.<\/li>\n\n\n\n<li>El saldo total fue de un guardia muerto y 15 heridos, incluyendo tanto manifestantes como fuerzas del orden.<\/li>\n<\/ul>\n<\/li>\n\n\n\n<li><strong>Asalto al mercado de la Boquer\u00eda<\/strong>: Adem\u00e1s del incidente en la Generalitat, se reporta un asalto al mercado de la Boquer\u00eda, un importante mercado de Barcelona, lo que sugiere que los disturbios se extendieron a otras zonas de la ciudad.<\/li>\n\n\n\n<li><strong>Intervenci\u00f3n militar<\/strong>: Como indica la noticia original, el tiroteo se prolong\u00f3 hasta que tropas enviadas por el Capit\u00e1n General intervinieron para restablecer el orden.<\/li>\n<\/ul>\n\n\n\n<hr class=\"wp-block-separator has-alpha-channel-opacity\"\/>\n\n\n\n<h4 class=\"wp-block-heading\">An\u00e1lisis detallado<\/h4>\n\n\n\n<ol class=\"wp-block-list\">\n<li><strong>Intento de colocar banderas rojas<\/strong>:\n<ul class=\"wp-block-list\">\n<li>Las banderas rojas eran un s\u00edmbolo de los movimientos revolucionarios, particularmente asociados con el socialismo, el comunismo y el anarquismo. El intento de colocarlas en la Generalitat, sede del gobierno catal\u00e1n, era un acto de desaf\u00edo pol\u00edtico, probablemente destinado a presionar por reformas sociales radicales o a mostrar descontento con el nuevo gobierno republicano, que algunos sectores obreros consideraban insuficientemente revolucionario.<\/li>\n\n\n\n<li>Este acto simb\u00f3lico refleja la radicalizaci\u00f3n de ciertos grupos, posiblemente anarquistas o comunistas, que buscaban capitalizar el 1 de mayo para visibilizar sus demandas.<\/li>\n<\/ul>\n<\/li>\n\n\n\n<li><strong>Violencia extrema<\/strong>:\n<ul class=\"wp-block-list\">\n<li>La muerte de un guardia, herido y luego rematado a golpes, evidencia la intensidad del enfrentamiento y el odio acumulado entre los manifestantes y las fuerzas del orden. Este nivel de brutalidad sugiere una escalada emocional y una ruptura total de la negociaci\u00f3n o el di\u00e1logo.<\/li>\n\n\n\n<li>Los 15 heridos (sin especificar si eran guardias, manifestantes o ambos) refuerzan la magnitud del conflicto, que probablemente involucr\u00f3 armas de fuego, objetos contundentes y enfrentamientos cuerpo a cuerpo.<\/li>\n<\/ul>\n<\/li>\n\n\n\n<li><strong>Asalto al mercado de la Boquer\u00eda<\/strong>:\n<ul class=\"wp-block-list\">\n<li>El mercado de la Boquer\u00eda, ubicado cerca de la Rambla, era un punto neur\u00e1lgico de la vida barcelonesa. Un asalto a este lugar podr\u00eda haber tenido varias motivaciones: desde el saqueo de alimentos en un contexto de crisis econ\u00f3mica hasta un acto de protesta contra los comerciantes o las autoridades que controlaban el mercado.<\/li>\n\n\n\n<li>Este episodio indica que los disturbios no se limitaron a la Plaza de la Rep\u00fablica, sino que se extendieron a otras \u00e1reas de la ciudad, lo que refleja una situaci\u00f3n de descontrol generalizado.<\/li>\n<\/ul>\n<\/li>\n\n\n\n<li><strong>Intervenci\u00f3n de las autoridades<\/strong>:\n<ul class=\"wp-block-list\">\n<li>La intervenci\u00f3n de tropas enviadas por el Capit\u00e1n General (m\u00e1xima autoridad militar en la regi\u00f3n) se\u00f1ala que las fuerzas de seguridad locales, probablemente la Guardia de Asalto o la Guardia Civil, fueron superadas por la magnitud de los disturbios.<\/li>\n\n\n\n<li>Este recurso al ej\u00e9rcito subraya la fragilidad del orden p\u00fablico en los primeros d\u00edas de la Segunda Rep\u00fablica, especialmente en una ciudad como Barcelona, donde los movimientos obreros eran particularmente activos.<\/li>\n<\/ul>\n<\/li>\n<\/ol>\n\n\n\n<hr class=\"wp-block-separator has-alpha-channel-opacity\"\/>\n\n\n\n<h4 class=\"wp-block-heading\">Implicaciones<\/h4>\n\n\n\n<ul class=\"wp-block-list\">\n<li><strong>Polarizaci\u00f3n social<\/strong>: Los eventos del 1 de mayo de 1931 en Barcelona reflejan la profunda divisi\u00f3n entre los movimientos obreros revolucionarios y las autoridades republicanas. Aunque la Segunda Rep\u00fablica promet\u00eda reformas sociales, muchos trabajadores y grupos radicales consideraban que el cambio no era lo suficientemente r\u00e1pido o profundo, lo que alimentaba la confrontaci\u00f3n.<\/li>\n\n\n\n<li><strong>Desaf\u00edos para el gobierno republicano<\/strong>: La necesidad de recurrir al ej\u00e9rcito para controlar los disturbios pone en evidencia las dificultades del nuevo r\u00e9gimen para gestionar las tensiones sociales y pol\u00edticas. En Catalu\u00f1a, estas tensiones se complicaban por las demandas de autonom\u00eda, que a menudo chocaban con las pol\u00edticas centralistas de algunos sectores republicanos.<\/li>\n\n\n\n<li><strong>Simbolismo del 1 de mayo<\/strong>: La elecci\u00f3n de esta fecha para un acto tan provocador como intentar colocar banderas rojas en la Generalitat subraya el car\u00e1cter pol\u00edtico y simb\u00f3lico de las acciones de los revolucionarios. El D\u00eda del Trabajador era una oportunidad para visibilizar las demandas obreras, pero tambi\u00e9n para desafiar al poder establecido.<\/li>\n\n\n\n<li><strong>Impacto en la opini\u00f3n p\u00fablica<\/strong>: La muerte de un guardia y el asalto al mercado de la Boquer\u00eda probablemente generaron reacciones encontradas: indignaci\u00f3n entre los sectores conservadores y moderados, y apoyo o justificaci\u00f3n entre los grupos m\u00e1s radicales. Esto contribuy\u00f3 a la polarizaci\u00f3n de la sociedad catalana y espa\u00f1ola.<\/li>\n<\/ul>\n\n\n\n<hr class=\"wp-block-separator has-alpha-channel-opacity\"\/>\n\n\n\n<h4 class=\"wp-block-heading\">Conclusi\u00f3n<\/h4>\n\n\n\n<p>Los eventos del 1 de mayo de 1931 en Barcelona, marcados por un violento enfrentamiento en la Plaza de la Rep\u00fablica y un asalto al mercado de la Boquer\u00eda, ilustran la inestabilidad de los primeros d\u00edas de la Segunda Rep\u00fablica Espa\u00f1ola. La muerte de un guardia, rematado a golpes, y las heridas de 15 personas reflejan la intensidad de las tensiones entre los revolucionarios (probablemente anarquistas o comunistas) y las fuerzas del orden. Estos disturbios, que requirieron la intervenci\u00f3n del ej\u00e9rcito, destacan los desaf\u00edos del nuevo gobierno republicano para conciliar las demandas obreras con el mantenimiento del orden p\u00fablico, en un contexto de crisis econ\u00f3mica y aspiraciones autonomistas en Catalu\u00f1a. La combinaci\u00f3n de actos simb\u00f3licos, como el intento de colocar banderas rojas, y acciones violentas, como el asalto a la Boquer\u00eda, subraya la complejidad de este per\u00edodo de transformaci\u00f3n pol\u00edtica y social en Espa\u00f1a.<\/p>\n","protected":false},"excerpt":{"rendered":"<p>Contexto hist\u00f3rico El 1 de mayo de 1931, apenas dos semanas despu\u00e9s de la proclamaci\u00f3n de la Segunda Rep\u00fablica Espa\u00f1ola (14 de abril de 1931), Espa\u00f1a viv\u00eda un momento de efervescencia pol\u00edtica y social. En Barcelona, un importante centro industrial y basti\u00f3n de movimientos obreros como la CNT (Confederaci\u00f3n Nacional del Trabajo) y la FAI &hellip;<\/p>\n<p class=\"read-more\"> <a class=\"\" href=\"https:\/\/www.lahistoriaconmapas.com\/index.php\/segunda-republica\/caos-en-barcelona-revolucionarios-asaltan-la-generalitat-y-la-boqueria-en-el-1-de-mayo-de-1931-dejando-un-guardia-muerto-y-15-heridos\/\"> <span class=\"screen-reader-text\">Caos en Barcelona: Revolucionarios asaltan la Generalitat y la Boquer\u00eda en el 1 de mayo de 1931, dejando un guardia muerto y 15 heridos<\/span> Leer m\u00e1s &raquo;<\/a><\/p>\n","protected":false},"author":1,"featured_media":0,"comment_status":"open","ping_status":"open","sticky":false,"template":"","format":"standard","meta":{"site-sidebar-layout":"default","site-content-layout":"default","ast-global-header-display":"","ast-main-header-display":"","ast-hfb-above-header-display":"","ast-hfb-below-header-display":"","ast-hfb-mobile-header-display":"","site-post-title":"","ast-breadcrumbs-content":"","ast-featured-img":"","footer-sml-layout":"","theme-transparent-header-meta":"","adv-header-id-meta":"","stick-header-meta":"","header-above-stick-meta":"","header-main-stick-meta":"","header-below-stick-meta":"","footnotes":""},"categories":[39],"tags":[],"class_list":["post-362","post","type-post","status-publish","format-standard","hentry","category-segunda-republica"],"_links":{"self":[{"href":"https:\/\/www.lahistoriaconmapas.com\/index.php\/wp-json\/wp\/v2\/posts\/362","targetHints":{"allow":["GET"]}}],"collection":[{"href":"https:\/\/www.lahistoriaconmapas.com\/index.php\/wp-json\/wp\/v2\/posts"}],"about":[{"href":"https:\/\/www.lahistoriaconmapas.com\/index.php\/wp-json\/wp\/v2\/types\/post"}],"author":[{"embeddable":true,"href":"https:\/\/www.lahistoriaconmapas.com\/index.php\/wp-json\/wp\/v2\/users\/1"}],"replies":[{"embeddable":true,"href":"https:\/\/www.lahistoriaconmapas.com\/index.php\/wp-json\/wp\/v2\/comments?post=362"}],"version-history":[{"count":1,"href":"https:\/\/www.lahistoriaconmapas.com\/index.php\/wp-json\/wp\/v2\/posts\/362\/revisions"}],"predecessor-version":[{"id":363,"href":"https:\/\/www.lahistoriaconmapas.com\/index.php\/wp-json\/wp\/v2\/posts\/362\/revisions\/363"}],"wp:attachment":[{"href":"https:\/\/www.lahistoriaconmapas.com\/index.php\/wp-json\/wp\/v2\/media?parent=362"}],"wp:term":[{"taxonomy":"category","embeddable":true,"href":"https:\/\/www.lahistoriaconmapas.com\/index.php\/wp-json\/wp\/v2\/categories?post=362"},{"taxonomy":"post_tag","embeddable":true,"href":"https:\/\/www.lahistoriaconmapas.com\/index.php\/wp-json\/wp\/v2\/tags?post=362"}],"curies":[{"name":"wp","href":"https:\/\/api.w.org\/{rel}","templated":true}]}}