{"id":364,"date":"2025-05-25T18:23:45","date_gmt":"2025-05-25T18:23:45","guid":{"rendered":"https:\/\/www.lahistoriaconmapas.com\/?p=364"},"modified":"2025-05-25T18:23:47","modified_gmt":"2025-05-25T18:23:47","slug":"la-sublevacion-de-jaca-12-de-diciembre-1930-el-primer-grito-republicano-en-espana-del-siglo-xx","status":"publish","type":"post","link":"https:\/\/www.lahistoriaconmapas.com\/index.php\/segunda-republica\/la-sublevacion-de-jaca-12-de-diciembre-1930-el-primer-grito-republicano-en-espana-del-siglo-xx\/","title":{"rendered":"\u00a1La Sublevaci\u00f3n de Jaca (12 de diciembre 1930): El primer grito republicano en Espa\u00f1a del siglo XX!"},"content":{"rendered":"\n<p>El 12 de diciembre de 1930, la peque\u00f1a ciudad de Jaca, en el coraz\u00f3n de los Pirineos aragoneses, se convirti\u00f3 en el escenario de un evento que marc\u00f3 un punto de inflexi\u00f3n en la historia de Espa\u00f1a: la Sublevaci\u00f3n de Jaca. Este audaz levantamiento, liderado por el capit\u00e1n Ferm\u00edn Gal\u00e1n y apoyado por militares y civiles republicanos, fue un intento desesperado por derrocar la monarqu\u00eda de Alfonso XIII y proclamar la Segunda Rep\u00fablica Espa\u00f1ola. Aunque el movimiento fue r\u00e1pidamente sofocado por las fuerzas gubernamentales, su impacto reson\u00f3 en todo el pa\u00eds, encendiendo la chispa que culminar\u00eda en la proclamaci\u00f3n de la Rep\u00fablica apenas cuatro meses despu\u00e9s, el 14 de abril de 1931.<\/p>\n\n\n\n<h3 class=\"wp-block-heading\">Contexto hist\u00f3rico<\/h3>\n\n\n\n<p>A finales de 1930, Espa\u00f1a viv\u00eda bajo la dictadura de Miguel Primo de Rivera (1923-1930), que hab\u00eda debilitado la monarqu\u00eda de Alfonso XIII y generado un profundo descontento social y pol\u00edtico. La crisis econ\u00f3mica, la represi\u00f3n de movimientos obreros y las tensiones regionales, especialmente en Catalu\u00f1a y el Pa\u00eds Vasco, alimentaron un creciente sentimiento republicano. Tras la ca\u00edda de Primo de Rivera en enero de 1930, el gobierno de D\u00e1maso Berenguer intent\u00f3 restaurar la normalidad constitucional, pero su \u00abdictablanda\u00bb no logr\u00f3 apaciguar a una poblaci\u00f3n cada vez m\u00e1s radicalizada. Los republicanos, socialistas y sectores progresistas del ej\u00e9rcito, hartos de la monarqu\u00eda, comenzaron a organizar un levantamiento coordinado.<\/p>\n\n\n\n<p>El Pacto de San Sebasti\u00e1n, firmado en agosto de 1930 por l\u00edderes republicanos, socialistas y nacionalistas catalanes, sent\u00f3 las bases para un movimiento revolucionario. Se plane\u00f3 un levantamiento militar y civil para diciembre de 1930, con acciones previstas en varias ciudades, incluyendo Jaca y Madrid. El capit\u00e1n Ferm\u00edn Gal\u00e1n, un militar progresista con ideales republicanos, fue una figura clave en este plan, liderando la sublevaci\u00f3n desde el cuartel de Jaca. <a href=\"https:\/\/es.wikipedia.org\/wiki\/Pacto_de_San_Sebasti%C3%A1n\" target=\"_blank\" rel=\"noreferrer noopener\">M\u00e1s informaci\u00f3n sobre el Pacto de San Sebasti\u00e1n<\/a>.<\/p>\n\n\n\n<figure class=\"wp-block-image alignfull size-full\"><img loading=\"lazy\" decoding=\"async\" width=\"738\" height=\"1012\" src=\"https:\/\/www.lahistoriaconmapas.com\/wp-content\/uploads\/2025\/05\/Ahora-Madrid-16-12-1930.jpg\" alt=\"\" class=\"wp-image-365\" title=\"\" srcset=\"https:\/\/www.lahistoriaconmapas.com\/wp-content\/uploads\/2025\/05\/Ahora-Madrid-16-12-1930.jpg 738w, https:\/\/www.lahistoriaconmapas.com\/wp-content\/uploads\/2025\/05\/Ahora-Madrid-16-12-1930-219x300.jpg 219w\" sizes=\"auto, (max-width: 738px) 100vw, 738px\" \/><\/figure>\n\n\n\n<h3 class=\"wp-block-heading\">Los eventos de la Sublevaci\u00f3n de Jaca<\/h3>\n\n\n\n<p>En la madrugada del 12 de diciembre de 1930, Ferm\u00edn Gal\u00e1n, junto al capit\u00e1n \u00c1ngel Garc\u00eda Hern\u00e1ndez y otros oficiales del Regimiento de Infanter\u00eda Galicia n\u00ba 19, se alzaron contra el gobierno mon\u00e1rquico. Los sublevados tomaron el control del cuartel de Jaca y, con el apoyo de civiles republicanos, proclamaron la Segunda Rep\u00fablica Espa\u00f1ola desde el balc\u00f3n del ayuntamiento. Por primera vez, la bandera tricolor (roja, amarilla y morada) fue izada como s\u00edmbolo del nuevo r\u00e9gimen que buscaban instaurar. <\/p>\n\n\n\n<p>Gal\u00e1n y sus seguidores organizaron una columna militar de unos 400 hombres, incluyendo soldados y voluntarios civiles, con el objetivo de marchar hacia Huesca y Zaragoza para extender la rebeli\u00f3n. Sin embargo, el plan estaba mal coordinado con otros movimientos republicanos en el pa\u00eds, y la comunicaci\u00f3n con Madrid, donde se esperaba un levantamiento simult\u00e1neo liderado por Queipo de Llano, fue deficiente. Adem\u00e1s, las autoridades mon\u00e1rquicas fueron alertadas r\u00e1pidamente, lo que permiti\u00f3 al gobierno movilizar fuerzas leales para contrarrestar la sublevaci\u00f3n.<\/p>\n\n\n\n<p>En su avance hacia Huesca, la columna de Gal\u00e1n fue interceptada en Cillas, a pocos kil\u00f3metros de Jaca, por tropas enviadas desde Zaragoza. Superados en n\u00famero y armamento, los sublevados se rindieron tras un breve enfrentamiento. Gal\u00e1n y Garc\u00eda Hern\u00e1ndez fueron arrestados, juzgados sumariamente por un consejo de guerra y ejecutados el 14 de diciembre de 1930 en Huesca. Otros participantes fueron encarcelados, aunque muchos lograron escapar o fueron liberados tras la proclamaci\u00f3n de la Rep\u00fablica en 1931.<\/p>\n\n\n\n<h3 class=\"wp-block-heading\">Consecuencias e impacto<\/h3>\n\n\n\n<p>Aunque la Sublevaci\u00f3n de Jaca fracas\u00f3 militarmente, su impacto pol\u00edtico fue inmenso. La ejecuci\u00f3n de Gal\u00e1n y Garc\u00eda Hern\u00e1ndez los convirti\u00f3 en m\u00e1rtires de la causa republicana, galvanizando el apoyo popular hacia el movimiento. La valent\u00eda de los sublevados, que arriesgaron todo por sus ideales, inspir\u00f3 a miles de espa\u00f1oles descontentos con la monarqu\u00eda. La bandera tricolor, izada por primera vez en Jaca, se convirti\u00f3 en un s\u00edmbolo poderoso del cambio que se avecinaba. <\/p>\n\n\n\n<p>El fracaso de la sublevaci\u00f3n tambi\u00e9n expuso las debilidades de la coordinaci\u00f3n entre los republicanos, pero sirvi\u00f3 como un catalizador para acelerar los preparativos hacia un cambio definitivo. Cuatro meses despu\u00e9s, las elecciones municipales del 12 de abril de 1931 dieron una victoria abrumadora a los candidatos republicanos en las principales ciudades, lo que llev\u00f3 a la abdicaci\u00f3n de Alfonso XIII y la proclamaci\u00f3n de la Segunda Rep\u00fablica el 14 de abril de 1931. <a href=\"https:\/\/es.wikipedia.org\/wiki\/Elecciones_municipales_de_Espa%C3%B1a_de_1931\" target=\"_blank\" rel=\"noreferrer noopener\">Contexto de las elecciones de 1931<\/a>.<\/p>\n\n\n\n<p>En el \u00e1mbito local, la Sublevaci\u00f3n de Jaca marc\u00f3 un hito en Arag\u00f3n, una regi\u00f3n tradicionalmente conservadora pero con focos de republicanismo y activismo obrero. La memoria de Gal\u00e1n y sus compa\u00f1eros se convirti\u00f3 en un s\u00edmbolo de resistencia y sacrificio, recordado en canciones, escritos y homenajes durante la Rep\u00fablica.<\/p>\n\n\n\n<h3 class=\"wp-block-heading\">Legado<\/h3>\n\n\n\n<p>La Sublevaci\u00f3n de Jaca es considerada el primer intento armado por instaurar la Rep\u00fablica en Espa\u00f1a, un preludio de los cambios radicales que transformar\u00edan el pa\u00eds en 1931. Ferm\u00edn Gal\u00e1n, un idealista que so\u00f1aba con una Espa\u00f1a m\u00e1s justa y democr\u00e1tica, se convirti\u00f3 en una figura ic\u00f3nica, aunque su ejecuci\u00f3n tambi\u00e9n reflej\u00f3 la brutalidad con la que el r\u00e9gimen mon\u00e1rquico respond\u00eda a las disidencias. <\/p>\n\n\n\n<p>En la memoria colectiva, la sublevaci\u00f3n simboliza el coraje de quienes desafiaron un sistema opresivo, aun a costa de sus vidas. La bandera tricolor, izada en Jaca, ondear\u00eda oficialmente en toda Espa\u00f1a pocos meses despu\u00e9s, marcando el inicio de una nueva era llena de esperanzas, pero tambi\u00e9n de desaf\u00edos y conflictos. <\/p>\n","protected":false},"excerpt":{"rendered":"<p>El 12 de diciembre de 1930, la peque\u00f1a ciudad de Jaca, en el coraz\u00f3n de los Pirineos aragoneses, se convirti\u00f3 en el escenario de un evento que marc\u00f3 un punto de inflexi\u00f3n en la historia de Espa\u00f1a: la Sublevaci\u00f3n de Jaca. Este audaz levantamiento, liderado por el capit\u00e1n Ferm\u00edn Gal\u00e1n y apoyado por militares y &hellip;<\/p>\n<p class=\"read-more\"> <a class=\"\" href=\"https:\/\/www.lahistoriaconmapas.com\/index.php\/segunda-republica\/la-sublevacion-de-jaca-12-de-diciembre-1930-el-primer-grito-republicano-en-espana-del-siglo-xx\/\"> <span class=\"screen-reader-text\">\u00a1La Sublevaci\u00f3n de Jaca (12 de diciembre 1930): El primer grito republicano en Espa\u00f1a del siglo XX!<\/span> Leer m\u00e1s &raquo;<\/a><\/p>\n","protected":false},"author":1,"featured_media":0,"comment_status":"open","ping_status":"open","sticky":false,"template":"","format":"standard","meta":{"site-sidebar-layout":"default","site-content-layout":"default","ast-global-header-display":"","ast-main-header-display":"","ast-hfb-above-header-display":"","ast-hfb-below-header-display":"","ast-hfb-mobile-header-display":"","site-post-title":"","ast-breadcrumbs-content":"","ast-featured-img":"","footer-sml-layout":"","theme-transparent-header-meta":"","adv-header-id-meta":"","stick-header-meta":"","header-above-stick-meta":"","header-main-stick-meta":"","header-below-stick-meta":"","footnotes":""},"categories":[39],"tags":[],"class_list":["post-364","post","type-post","status-publish","format-standard","hentry","category-segunda-republica"],"_links":{"self":[{"href":"https:\/\/www.lahistoriaconmapas.com\/index.php\/wp-json\/wp\/v2\/posts\/364","targetHints":{"allow":["GET"]}}],"collection":[{"href":"https:\/\/www.lahistoriaconmapas.com\/index.php\/wp-json\/wp\/v2\/posts"}],"about":[{"href":"https:\/\/www.lahistoriaconmapas.com\/index.php\/wp-json\/wp\/v2\/types\/post"}],"author":[{"embeddable":true,"href":"https:\/\/www.lahistoriaconmapas.com\/index.php\/wp-json\/wp\/v2\/users\/1"}],"replies":[{"embeddable":true,"href":"https:\/\/www.lahistoriaconmapas.com\/index.php\/wp-json\/wp\/v2\/comments?post=364"}],"version-history":[{"count":1,"href":"https:\/\/www.lahistoriaconmapas.com\/index.php\/wp-json\/wp\/v2\/posts\/364\/revisions"}],"predecessor-version":[{"id":366,"href":"https:\/\/www.lahistoriaconmapas.com\/index.php\/wp-json\/wp\/v2\/posts\/364\/revisions\/366"}],"wp:attachment":[{"href":"https:\/\/www.lahistoriaconmapas.com\/index.php\/wp-json\/wp\/v2\/media?parent=364"}],"wp:term":[{"taxonomy":"category","embeddable":true,"href":"https:\/\/www.lahistoriaconmapas.com\/index.php\/wp-json\/wp\/v2\/categories?post=364"},{"taxonomy":"post_tag","embeddable":true,"href":"https:\/\/www.lahistoriaconmapas.com\/index.php\/wp-json\/wp\/v2\/tags?post=364"}],"curies":[{"name":"wp","href":"https:\/\/api.w.org\/{rel}","templated":true}]}}