{"id":367,"date":"2025-05-25T19:47:42","date_gmt":"2025-05-25T19:47:42","guid":{"rendered":"https:\/\/www.lahistoriaconmapas.com\/?p=367"},"modified":"2025-05-25T19:47:43","modified_gmt":"2025-05-25T19:47:43","slug":"la-aprobacion-del-articulo-12-de-la-ley-de-congregaciones-religiosas-de-1933-en-espana","status":"publish","type":"post","link":"https:\/\/www.lahistoriaconmapas.com\/index.php\/segunda-republica\/la-aprobacion-del-articulo-12-de-la-ley-de-congregaciones-religiosas-de-1933-en-espana\/","title":{"rendered":"La aprobaci\u00f3n del Art\u00edculo 12 de La Ley de Congregaciones Religiosas de 1933 en Espa\u00f1a\u00bb"},"content":{"rendered":"\n<ul class=\"wp-block-list\">\n<li><strong>El art\u00edculo 12 parece haber sido discutido en marzo de 1933, pero su aprobaci\u00f3n final fue en mayo.<\/strong><\/li>\n\n\n\n<li><strong>La Ley de Confesiones y Congregaciones Religiosas se aprob\u00f3 el 17 de mayo de 1933, incluyendo el art\u00edculo 12.<\/strong><\/li>\n<\/ul>\n\n\n\n<p><\/p>\n\n\n\n<h4 class=\"wp-block-heading\">Contexto Hist\u00f3rico<\/h4>\n\n\n\n<p>Durante la Segunda Rep\u00fablica Espa\u00f1ola, en 1933, se discuti\u00f3 y aprob\u00f3 la Ley de Confesiones y Congregaciones Religiosas, que regulaba las actividades de las \u00f3rdenes religiosas. El art\u00edculo 12, relacionado con el uso de bienes religiosos, fue parte de este proceso. <\/p>\n\n\n\n<h4 class=\"wp-block-heading\"><\/h4>\n\n\n\n<p><\/p>\n\n\n\n<h4 class=\"wp-block-heading\">Implicaciones<\/h4>\n\n\n\n<p>Esta ley fue controvertida, ya que modific\u00f3 el rol de la Iglesia en la educaci\u00f3n y nacionaliz\u00f3 parte del patrimonio religioso, generando tensiones sociales y pol\u00edticas. Se sugiere que las discusiones en marzo reflejaron estos debates intensos.<\/p>\n\n\n\n<hr class=\"wp-block-separator has-alpha-channel-opacity\"\/>\n\n\n\n<h3 class=\"wp-block-heading\">Nota Detallada<\/h3>\n\n\n\n<p>La consulta sobre la aprobaci\u00f3n del art\u00edculo 12 del proyecto sobre Congregaciones religiosas en marzo de 1933 en Espa\u00f1a nos lleva a explorar la historia legislativa de la Segunda Rep\u00fablica Espa\u00f1ola, espec\u00edficamente la Ley de Confesiones y Congregaciones Religiosas de 1933. A continuaci\u00f3n, se presenta un an\u00e1lisis exhaustivo basado en la informaci\u00f3n disponible, que incluye el contexto hist\u00f3rico, los detalles legislativos y las posibles discrepancias en las fechas mencionadas.<\/p>\n\n\n\n<h4 class=\"wp-block-heading\">Contexto Hist\u00f3rico y Legislativo<\/h4>\n\n\n\n<p>La Segunda Rep\u00fablica Espa\u00f1ola, instaurada en 1931, introdujo una Constituci\u00f3n que proclamaba la aconfesionalidad del Estado, reflejada en el art\u00edculo 26, que limitaba las actividades de las \u00f3rdenes religiosas, especialmente en la ense\u00f1anza. Este marco llev\u00f3 al desarrollo de la Ley de Confesiones y Congregaciones Religiosas, aprobada para implementar estas disposiciones. Los debates parlamentarios, descritos como \u00abencendidos\u00bb, ocurrieron en la primavera de 1933, un per\u00edodo que incluye marzo, y reflejaron las tensiones ideol\u00f3gicas entre laicidad y los intereses de la Iglesia Cat\u00f3lica. Estas discusiones estuvieron influenciadas por precedentes legales de M\u00e9xico y Francia, y figuras como Luis Fern\u00e1ndez Cl\u00e9rigo, experto en Derecho Hipotecario, destacaron en los debates, argumentando que los bienes eclesi\u00e1sticos eran propiedad de la naci\u00f3n, no del Estado.<\/p>\n\n\n\n<p>La ley, finalmente aprobada el 17 de mayo de 1933 por las Cortes y ratificada por el presidente Niceto Alcal\u00e1 Zamora el 2 de junio de 1933, se public\u00f3 en la Gaceta de Madrid el 3 de junio de 1933, con correcciones el 4 de junio. Este proceso legislativo fue parte de un esfuerzo por secularizar el Estado, restringiendo el acceso de la Iglesia a la ense\u00f1anza y considerando como bienes nacionales el patrimonio religioso, lo que gener\u00f3 una fuerte oposici\u00f3n, incluyendo una carta de los cardenales y obispos el 25 de mayo de 1933, calific\u00e1ndola de \u00abultraje\u00bb a los derechos de la Iglesia, y una enc\u00edclica del Papa P\u00edo XI el 3 de junio de 1933, \u00abDilectissima Nobis\u00bb, criticando el \u00abesp\u00edritu anticristiano\u00bb del r\u00e9gimen.<\/p>\n\n\n\n<figure class=\"wp-block-image alignfull size-full\"><img loading=\"lazy\" decoding=\"async\" width=\"989\" height=\"714\" src=\"https:\/\/www.lahistoriaconmapas.com\/wp-content\/uploads\/2025\/05\/Captura-de-pantalla-2025-05-25-214716.png\" alt=\"\" class=\"wp-image-368\" title=\"\" srcset=\"https:\/\/www.lahistoriaconmapas.com\/wp-content\/uploads\/2025\/05\/Captura-de-pantalla-2025-05-25-214716.png 989w, https:\/\/www.lahistoriaconmapas.com\/wp-content\/uploads\/2025\/05\/Captura-de-pantalla-2025-05-25-214716-300x217.png 300w, https:\/\/www.lahistoriaconmapas.com\/wp-content\/uploads\/2025\/05\/Captura-de-pantalla-2025-05-25-214716-768x554.png 768w\" sizes=\"auto, (max-width: 989px) 100vw, 989px\" \/><\/figure>\n\n\n\n<h4 class=\"wp-block-heading\">Detalles del Art\u00edculo 12<\/h4>\n\n\n\n<p>El art\u00edculo 12 de la ley, seg\u00fan el texto oficial, establece que los bienes y derechos mencionados en el art\u00edculo 11 (templos, palacios episcopales, seminarios, etc., relacionados con el culto cat\u00f3lico) continuar\u00e1n destinados al culto cat\u00f3lico, permaneciendo en poder de la Iglesia para su conservaci\u00f3n, administraci\u00f3n y uso, conforme a su naturaleza y destino. La Iglesia no podr\u00e1 disponer de ellos ni aplicarlos a otro fin que no sea el religioso, y el Estado podr\u00e1, por razones de necesidad p\u00fablica y mediante ley especial, destinarlos a otro uso. Los edificios anexos est\u00e1n sujetos a impuestos relacionados con su uso. Este art\u00edculo refleja la intenci\u00f3n de mantener el uso religioso de estos bienes mientras se asegura el control estatal.<\/p>\n\n\n\n<p>Es importante notar que en una respuesta previa, se mencion\u00f3 err\u00f3neamente que el art\u00edculo 12 trataba sobre la disoluci\u00f3n de congregaciones, cuando en realidad esa disposici\u00f3n corresponde al art\u00edculo 26, que establece que las congregaciones que no puedan continuar en Espa\u00f1a deber\u00e1n disolverse en un mes desde la publicaci\u00f3n de la ley. Esta confusi\u00f3n no afecta la consulta, ya que el usuario especifica \u00abart\u00edculo doce\u00bb, por lo que nos centramos en el art\u00edculo 12 correcto.<\/p>\n\n\n\n<h4 class=\"wp-block-heading\">Cronolog\u00eda y Posible Discrepancia en la Fecha<\/h4>\n\n\n\n<p>La consulta menciona marzo de 1933 como la fecha de aprobaci\u00f3n, pero la evidencia hist\u00f3rica indica que la aprobaci\u00f3n final fue el 17 de mayo de 1933. Sin embargo, los debates parlamentarios ocurrieron en la primavera de 1933, lo que incluye marzo, sugiriendo que el usuario podr\u00eda referirse a las etapas iniciales del proceso legislativo, como la presentaci\u00f3n del proyecto o discusiones en comisiones. No se encontraron registros espec\u00edficos de una aprobaci\u00f3n del art\u00edculo 12 en marzo, pero es plausible que las discusiones comenzaran en esa fecha, dado el contexto de los debates intensos en ese per\u00edodo.<\/p>\n\n\n\n<p>La legislatura relevante para marzo de 1933 era la primera de la Segunda Rep\u00fablica (1931-1933), con elecciones posteriores el 19 de noviembre de 1933 marcando el inicio de la segunda legislatura. Los diarios de sesiones del Congreso de los Diputados para 1933, disponibles en formato digital desde 2015, no proporcionaron detalles espec\u00edficos sobre sesiones de marzo relacionadas con esta ley, pero se sabe que el proceso legislativo incluy\u00f3 m\u00faltiples etapas antes de la aprobaci\u00f3n final en mayo.<\/p>\n\n\n\n<h4 class=\"wp-block-heading\">Impacto y Recepci\u00f3n<\/h4>\n\n\n\n<p>La ley tuvo un impacto significativo, planeando la integraci\u00f3n de estudiantes de escuelas religiosas en la educaci\u00f3n p\u00fablica, con la construcci\u00f3n de 7,000 nuevas escuelas y la contrataci\u00f3n de 10,000 maestros para finales de 1933. Sin embargo, debido a restricciones financieras y falta de cooperaci\u00f3n municipal, especialmente en \u00e1reas como Guip\u00fazcoa, estos planes no se cumplieron completamente, y los cierres de escuelas fueron suspendidos tras las elecciones de noviembre de 1933, cuando un gobierno de centro-derecha asumi\u00f3 el poder.<\/p>\n\n\n\n<p>La oposici\u00f3n de la Iglesia fue notable, con movilizaciones cat\u00f3licas y cr\u00edticas p\u00fablicas, reflejando la polarizaci\u00f3n social de la \u00e9poca. Este contexto sugiere que las discusiones en marzo, si ocurrieron, habr\u00edan sido parte de un clima pol\u00edtico tenso, con debates intensos sobre la separaci\u00f3n Estado-Iglesia.<\/p>\n\n\n\n<h4 class=\"wp-block-heading\">Conclusi\u00f3n<\/h4>\n\n\n\n<p>Aunque no se tiene una fecha exacta para la discusi\u00f3n o aprobaci\u00f3n del art\u00edculo 12 en marzo de 1933, es probable que las etapas iniciales del proceso legislativo, incluyendo debates y presentaciones, comenzaran en esa \u00e9poca, dado que la primavera de 1933 fue un per\u00edodo activo para estos temas. La aprobaci\u00f3n final, sin embargo, fue el 17 de mayo de 1933, y la ley se public\u00f3 el 3 de junio de 1933. Esta discrepancia sugiere que el usuario podr\u00eda referirse a las fases previas del proceso, lo que es consistente con la pr\u00e1ctica legislativa de la \u00e9poca.<\/p>\n\n\n\n<hr class=\"wp-block-separator has-alpha-channel-opacity\"\/>\n\n\n\n<h3 class=\"wp-block-heading\">Key Citations<\/h3>\n\n\n\n<p><a href=\"https:\/\/es.wikisource.org\/wiki\/Ley_de_Confesiones_y_Congregaciones_religiosas\" target=\"_blank\" rel=\"noreferrer noopener\">Texto oficial Ley Confesiones y Congregaciones Religiosas 1933<\/a><\/p>\n\n\n\n<p><a href=\"https:\/\/laicismo.org\/ley-de-confesiones-y-congregaciones-religiosas-de-1933\/\" target=\"_blank\" rel=\"noreferrer noopener\">Ley de Confesiones y Congregaciones religiosas de 1933 texto completo<\/a><\/p>\n\n\n\n<p><a href=\"https:\/\/es.wikipedia.org\/wiki\/Cuesti%C3%B3n_religiosa_en_la_Segunda_Rep%C3%BAblica_Espa%C3%B1ola\" target=\"_blank\" rel=\"noreferrer noopener\">Cuesti\u00f3n religiosa en la Segunda Rep\u00fablica Espa\u00f1ola historia<\/a><\/p>\n\n\n\n<p><a href=\"https:\/\/asturiaslaica.com\/category\/ley-de-confesiones-y-congregaciones-religiosas-1933\/\" target=\"_blank\" rel=\"noreferrer noopener\">Debates Ley Confesiones y Congregaciones Religiosas 1933<\/a><\/p>\n\n\n\n<p><\/p>\n","protected":false},"excerpt":{"rendered":"<p>Contexto Hist\u00f3rico Durante la Segunda Rep\u00fablica Espa\u00f1ola, en 1933, se discuti\u00f3 y aprob\u00f3 la Ley de Confesiones y Congregaciones Religiosas, que regulaba las actividades de las \u00f3rdenes religiosas. El art\u00edculo 12, relacionado con el uso de bienes religiosos, fue parte de este proceso. Implicaciones Esta ley fue controvertida, ya que modific\u00f3 el rol de la &hellip;<\/p>\n<p class=\"read-more\"> <a class=\"\" href=\"https:\/\/www.lahistoriaconmapas.com\/index.php\/segunda-republica\/la-aprobacion-del-articulo-12-de-la-ley-de-congregaciones-religiosas-de-1933-en-espana\/\"> <span class=\"screen-reader-text\">La aprobaci\u00f3n del Art\u00edculo 12 de La Ley de Congregaciones Religiosas de 1933 en Espa\u00f1a\u00bb<\/span> Leer m\u00e1s &raquo;<\/a><\/p>\n","protected":false},"author":1,"featured_media":0,"comment_status":"open","ping_status":"open","sticky":false,"template":"","format":"standard","meta":{"site-sidebar-layout":"default","site-content-layout":"default","ast-global-header-display":"","ast-main-header-display":"","ast-hfb-above-header-display":"","ast-hfb-below-header-display":"","ast-hfb-mobile-header-display":"","site-post-title":"","ast-breadcrumbs-content":"","ast-featured-img":"","footer-sml-layout":"","theme-transparent-header-meta":"","adv-header-id-meta":"","stick-header-meta":"","header-above-stick-meta":"","header-main-stick-meta":"","header-below-stick-meta":"","footnotes":""},"categories":[39],"tags":[],"class_list":["post-367","post","type-post","status-publish","format-standard","hentry","category-segunda-republica"],"_links":{"self":[{"href":"https:\/\/www.lahistoriaconmapas.com\/index.php\/wp-json\/wp\/v2\/posts\/367","targetHints":{"allow":["GET"]}}],"collection":[{"href":"https:\/\/www.lahistoriaconmapas.com\/index.php\/wp-json\/wp\/v2\/posts"}],"about":[{"href":"https:\/\/www.lahistoriaconmapas.com\/index.php\/wp-json\/wp\/v2\/types\/post"}],"author":[{"embeddable":true,"href":"https:\/\/www.lahistoriaconmapas.com\/index.php\/wp-json\/wp\/v2\/users\/1"}],"replies":[{"embeddable":true,"href":"https:\/\/www.lahistoriaconmapas.com\/index.php\/wp-json\/wp\/v2\/comments?post=367"}],"version-history":[{"count":1,"href":"https:\/\/www.lahistoriaconmapas.com\/index.php\/wp-json\/wp\/v2\/posts\/367\/revisions"}],"predecessor-version":[{"id":369,"href":"https:\/\/www.lahistoriaconmapas.com\/index.php\/wp-json\/wp\/v2\/posts\/367\/revisions\/369"}],"wp:attachment":[{"href":"https:\/\/www.lahistoriaconmapas.com\/index.php\/wp-json\/wp\/v2\/media?parent=367"}],"wp:term":[{"taxonomy":"category","embeddable":true,"href":"https:\/\/www.lahistoriaconmapas.com\/index.php\/wp-json\/wp\/v2\/categories?post=367"},{"taxonomy":"post_tag","embeddable":true,"href":"https:\/\/www.lahistoriaconmapas.com\/index.php\/wp-json\/wp\/v2\/tags?post=367"}],"curies":[{"name":"wp","href":"https:\/\/api.w.org\/{rel}","templated":true}]}}